{"id":6203,"date":"2025-09-27T05:51:48","date_gmt":"2025-09-27T05:51:48","guid":{"rendered":"https:\/\/multisites.ipportalegre.pt\/23243site\/2025\/09\/27\/reinventer-la-pause-l-importance-du-bien-etre-digital-dans-nos-routines\/"},"modified":"2025-09-27T05:51:48","modified_gmt":"2025-09-27T05:51:48","slug":"reinventer-la-pause-l-importance-du-bien-etre-digital-dans-nos-routines","status":"publish","type":"post","link":"https:\/\/multisites.ipportalegre.pt\/23243site\/2025\/09\/27\/reinventer-la-pause-l-importance-du-bien-etre-digital-dans-nos-routines\/","title":{"rendered":"R\u00e9inventer la pause : l&#8217;importance du bien-\u00eatre digital dans nos routines"},"content":{"rendered":"<p>Dans le contexte actuel, o\u00f9 la digitalisation occupe une place centrale dans notre quotidien professionnel et personnel, il devient essentiel de r\u00e9fl\u00e9chir \u00e0 la mani\u00e8re dont nous int\u00e9grons nos moments de respiration. La gestion efficace de nos pauses a un impact direct sur notre productivit\u00e9, notre cr\u00e9ativit\u00e9 et m\u00eame notre sant\u00e9 mentale. \u00c0 cette intersection du bien-\u00eatre et du num\u00e9rique se trouve une tendance \u00e9mergente, soutenue par des outils innovants, qui red\u00e9finit notre rapport au temps de pause.<\/p>\n<div class=\"section\">\n<h2>Les enjeux d&#8217;une pause bien ma\u00eetris\u00e9e dans un monde hyperconnect\u00e9<\/h2>\n<p>Selon une \u00e9tude r\u00e9cente de l&#8217;<em>American Psychological Association<\/em>, pr\u00e8s de 60 % des employ\u00e9s ressentent une surcharge constante due \u00e0 la surcharge d&#8217;informations et \u00e0 la connectivit\u00e9 permanente. Cette surcharge conduit \u00e0 une diminution notable de la concentration, \u00e0 une augmentation du stress et \u00e0 un risque \u00e9lev\u00e9 d&#8217;\u00e9puisement professionnel (<em>burnout<\/em>). Par cons\u00e9quent, promouvoir des pauses efficaces n&#8217;est plus une option mais une n\u00e9cessit\u00e9 pour pr\u00e9server la sant\u00e9 mentale et la performance.<\/p>\n<p>Pour autant, toutes les pauses ne se valent pas. Une simple interruption sans r\u00e9elle d\u00e9connexion peut parfois amplifier le stress, notamment si l&#8217;on consulte ses notifications ou ses r\u00e9seaux sociaux. R\u00e9cemment, une nouvelle g\u00e9n\u00e9ration d&#8217;applications vise donc \u00e0 proposer des exp\u00e9riences de pause v\u00e9ritablement ressour\u00e7antes, en proposant des exp\u00e9riences immersives et d\u00e9connectantes. C\u2019est dans cette optique que <a href=\"https:\/\/carmel-app.fr\/\"><em>l&#8217;app parfaite pour les pauses<\/em><\/a> s&#8217;inscrit comme un acteur cr\u00e9dible dans cette trajectoire.<\/p>\n<\/div>\n<div class=\"section\">\n<h2>Les caract\u00e9ristiques d&#8217;une application de qualit\u00e9 pour les pauses<\/h2>\n<table>\n<tr>\n<th>Crit\u00e8re<\/th>\n<th>Description<\/th>\n<th>Exemple avec Carmel<\/th>\n<\/tr>\n<tr>\n<td>Facilit\u00e9 d&#8217;utilisation<\/td>\n<td>Une interface intuitive permettant de lancer rapidement sa session de d\u00e9tente.<\/td>\n<td>Interface \u00e9pur\u00e9e, d\u00e9marrage en un clic.<\/td>\n<\/tr>\n<tr>\n<td>Contenu immersif<\/td>\n<td>Propositions d\u2019exp\u00e9riences visuelles, auditives ou interactives pour favoriser la d\u00e9tente.<\/td>\n<td>Utilisation de sons ambiants et animations relaxantes.<\/td>\n<\/tr>\n<tr>\n<td>D\u00e9connexion programm\u00e9e<\/td>\n<td>Capacit\u00e9 \u00e0 se d\u00e9connecter totalement des notifications et autres distractions num\u00e9riques.<\/td>\n<td>Options de d\u00e9connexion instantan\u00e9e int\u00e9gr\u00e9e \u00e0 l\u2019appli.<\/td>\n<\/tr>\n<tr>\n<td>Personnalisation<\/td>\n<td>Adapter la dur\u00e9e et le contenu en fonction de ses pr\u00e9f\u00e9rences et contraintes.<\/td>\n<td>Modes adapt\u00e9s pour une pause courte ou longue, selon le moment.<\/td>\n<\/tr>\n<tr>\n<td>Suivi et Feedback<\/td>\n<td>Mesurer l\u2019impact des pauses sur son bien-\u00eatre et ajuster ses habitudes.<\/td>\n<td>Statistiques d\u2019usage avec conseils pour optimiser ses pauses quotidiennes.<\/td>\n<\/tr>\n<\/table>\n<\/div>\n<div class=\"section\">\n<h2>Une approche centr\u00e9e sur la qualit\u00e9 de vie au travail et au quotidien<\/h2>\n<p>De nombreuses entreprises int\u00e8grent aujourd&#8217;hui des solutions innovantes pour favoriser le bien-\u00eatre de leurs collaborateurs, reconnaissant que des employ\u00e9s repos\u00e9s sont plus cr\u00e9atifs et engag\u00e9s. Au-del\u00e0 du cadre professionnel, renforcer ses habitudes de pause dans sa vie quotidienne impacte \u00e9galement la gestion du stress, la concentration et la cr\u00e9ativit\u00e9 personnelle. Des acteurs du secteur sant\u00e9, bien-\u00eatre et technologie s\u2019accordent aujourd\u2019hui pour promouvoir la d\u00e9connexion comme un levier essentiel dans la qu\u00eate d\u2019\u00e9quilibre.<\/p>\n<p>L\u2019un des d\u00e9fis majeurs consiste \u00e0 faire de ces moments de d\u00e9tente une v\u00e9ritable pause mentale, loin des \u00e9crans et des sollicitations permanentes. \u00c0 ce titre, l\u2019int\u00e9gration d\u2019applications telles que l&#8217;app parfaite pour les pauses devient une d\u00e9marche concr\u00e8te et accessible pour tous, permettant d\u2019adopter un comportement plus conscient face \u00e0 l\u2019utilisation num\u00e9rique.<\/p>\n<\/div>\n<div class=\"section\">\n<h2>Conclusion : Vers une red\u00e9finition du confort num\u00e9rique<\/h2>\n<p>Au c\u0153ur du d\u00e9fi contemporain, il ne s\u2019agit pas simplement de couper nos \u00e9crans, mais d\u2019en faire un choix d\u00e9lib\u00e9r\u00e9 pour pr\u00e9server notre sant\u00e9 mentale et notre cr\u00e9ativit\u00e9. Avec l\u2019\u00e9mergence d\u2019outils sophistiqu\u00e9s, alliant simplicit\u00e9 d\u2019usage et exp\u00e9rience immersive, nous pouvons d\u00e9sormais instaurer des routines de pauses plus qualitatives, adapt\u00e9es \u00e0 un mode de vie moderne et digitalis\u00e9.<\/p>\n<p>En fin de compte, int\u00e9grer des moments de v\u00e9ritable ressourcement gr\u00e2ce \u00e0 des applications d\u00e9di\u00e9es comme l&#8217;app parfaite pour les pauses repr\u00e9sente une \u00e9tape fondamentale dans la construction d\u2019un \u00e9quilibre durable entre technologie et bien-\u00eatre.<\/p>\n<\/div>\n","protected":false},"excerpt":{"rendered":"<p>Dans le contexte actuel, o\u00f9 la digitalisation occupe une place centrale dans notre quotidien professionnel et personnel, il devient essentiel [&hellip;]<\/p>\n","protected":false},"author":104,"featured_media":0,"comment_status":"open","ping_status":"open","sticky":false,"template":"","format":"standard","meta":{"site-sidebar-layout":"default","site-content-layout":"","ast-site-content-layout":"default","site-content-style":"default","site-sidebar-style":"default","ast-global-header-display":"","ast-banner-title-visibility":"","ast-main-header-display":"","ast-hfb-above-header-display":"","ast-hfb-below-header-display":"","ast-hfb-mobile-header-display":"","site-post-title":"","ast-breadcrumbs-content":"","ast-featured-img":"","footer-sml-layout":"","ast-disable-related-posts":"","theme-transparent-header-meta":"","adv-header-id-meta":"","stick-header-meta":"","header-above-stick-meta":"","header-main-stick-meta":"","header-below-stick-meta":"","astra-migrate-meta-layouts":"default","ast-page-background-enabled":"default","ast-page-background-meta":{"desktop":{"background-color":"var(--ast-global-color-4)","background-image":"","background-repeat":"repeat","background-position":"center center","background-size":"auto","background-attachment":"scroll","background-type":"","background-media":"","overlay-type":"","overlay-color":"","overlay-opacity":"","overlay-gradient":""},"tablet":{"background-color":"","background-image":"","background-repeat":"repeat","background-position":"center center","background-size":"auto","background-attachment":"scroll","background-type":"","background-media":"","overlay-type":"","overlay-color":"","overlay-opacity":"","overlay-gradient":""},"mobile":{"background-color":"","background-image":"","background-repeat":"repeat","background-position":"center center","background-size":"auto","background-attachment":"scroll","background-type":"","background-media":"","overlay-type":"","overlay-color":"","overlay-opacity":"","overlay-gradient":""}},"ast-content-background-meta":{"desktop":{"background-color":"var(--ast-global-color-5)","background-image":"","background-repeat":"repeat","background-position":"center center","background-size":"auto","background-attachment":"scroll","background-type":"","background-media":"","overlay-type":"","overlay-color":"","overlay-opacity":"","overlay-gradient":""},"tablet":{"background-color":"var(--ast-global-color-5)","background-image":"","background-repeat":"repeat","background-position":"center center","background-size":"auto","background-attachment":"scroll","background-type":"","background-media":"","overlay-type":"","overlay-color":"","overlay-opacity":"","overlay-gradient":""},"mobile":{"background-color":"var(--ast-global-color-5)","background-image":"","background-repeat":"repeat","background-position":"center center","background-size":"auto","background-attachment":"scroll","background-type":"","background-media":"","overlay-type":"","overlay-color":"","overlay-opacity":"","overlay-gradient":""}},"footnotes":""},"categories":[1],"tags":[],"class_list":["post-6203","post","type-post","status-publish","format-standard","hentry","category-sem-categoria"],"_links":{"self":[{"href":"https:\/\/multisites.ipportalegre.pt\/23243site\/wp-json\/wp\/v2\/posts\/6203","targetHints":{"allow":["GET"]}}],"collection":[{"href":"https:\/\/multisites.ipportalegre.pt\/23243site\/wp-json\/wp\/v2\/posts"}],"about":[{"href":"https:\/\/multisites.ipportalegre.pt\/23243site\/wp-json\/wp\/v2\/types\/post"}],"author":[{"embeddable":true,"href":"https:\/\/multisites.ipportalegre.pt\/23243site\/wp-json\/wp\/v2\/users\/104"}],"replies":[{"embeddable":true,"href":"https:\/\/multisites.ipportalegre.pt\/23243site\/wp-json\/wp\/v2\/comments?post=6203"}],"version-history":[{"count":0,"href":"https:\/\/multisites.ipportalegre.pt\/23243site\/wp-json\/wp\/v2\/posts\/6203\/revisions"}],"wp:attachment":[{"href":"https:\/\/multisites.ipportalegre.pt\/23243site\/wp-json\/wp\/v2\/media?parent=6203"}],"wp:term":[{"taxonomy":"category","embeddable":true,"href":"https:\/\/multisites.ipportalegre.pt\/23243site\/wp-json\/wp\/v2\/categories?post=6203"},{"taxonomy":"post_tag","embeddable":true,"href":"https:\/\/multisites.ipportalegre.pt\/23243site\/wp-json\/wp\/v2\/tags?post=6203"}],"curies":[{"name":"wp","href":"https:\/\/api.w.org\/{rel}","templated":true}]}}